{"id":587,"date":"2023-09-18T15:53:14","date_gmt":"2023-09-18T13:53:14","guid":{"rendered":"https:\/\/cs-lagarde.fr\/?p=587"},"modified":"2023-09-18T15:53:14","modified_gmt":"2023-09-18T13:53:14","slug":"sortie-a-la-fontaine-du-vaucluse-13-10-2023","status":"publish","type":"post","link":"https:\/\/cs-lagarde.fr\/?p=587","title":{"rendered":"Sortie \u00e0 la Fontaine du Vaucluse &#8211; 13\/10\/2023"},"content":{"rendered":"\n<p>Le Centre Social la Garde vous propose une sortie ouverte \u00e0 tous le vendredi 13 octobre \u00e0 Fontaine de Vaucluse (84000).<\/p>\n\n\n\n<p>Le programme de la journ\u00e9e :<\/p>\n\n\n\n<ul class=\"wp-block-list\">\n<li>Visite du village<\/li>\n<\/ul>\n\n\n\n<ul class=\"wp-block-list\">\n<li>Atelier fabrication de papier<\/li>\n<\/ul>\n\n\n\n<ul class=\"wp-block-list\">\n<li>Pique-nique au bord de la rivi\u00e8re<\/li>\n<\/ul>\n\n\n\n<ul class=\"wp-block-list\">\n<li>Ballade jusqu&rsquo;au gouffre de la fontaine du Vaucluse<\/li>\n<\/ul>\n\n\n\n<p>D\u00e9part 8h30 devant le M\u00e9tro la Rose, retour 18h30 devant le m\u00e9tro La Rose<\/p>\n\n\n\n<p>Prix de la journ\u00e9e :<\/p>\n\n\n\n<p> <strong>7 euros <\/strong>par personne pour les adh\u00e9rents<\/p>\n\n\n\n<p> <strong>10 euros <\/strong>pour les non-adh\u00e9rents<\/p>\n\n\n\n<p>Inscription \u00e0 partir du <strong>2 octobre <\/strong><\/p>\n\n\n\n<p>Pour plus de renseignements <strong>04 91 70 05 78<\/strong><\/p>\n\n\n\n<figure class=\"wp-block-image size-full\"><img fetchpriority=\"high\" decoding=\"async\" width=\"548\" height=\"318\" src=\"http:\/\/cs-lagarde.fr\/wp-content\/uploads\/2023\/09\/licensed-image.jpg\" alt=\"\" class=\"wp-image-600\" srcset=\"https:\/\/cs-lagarde.fr\/wp-content\/uploads\/2023\/09\/licensed-image.jpg 548w, https:\/\/cs-lagarde.fr\/wp-content\/uploads\/2023\/09\/licensed-image-300x174.jpg 300w\" sizes=\"(max-width: 548px) 100vw, 548px\" \/><\/figure>\n","protected":false},"excerpt":{"rendered":"<p>Le Centre Social la Garde vous propose une sortie ouverte \u00e0 tous le vendredi 13 octobre \u00e0 Fontaine de Vaucluse (84000). Le programme de la journ\u00e9e : D\u00e9part 8h30 devant le M\u00e9tro la Rose, retour 18h30 devant le m\u00e9tro La Rose Prix de la journ\u00e9e : 7 euros par personne pour les adh\u00e9rents 10 euros pour les non-adh\u00e9rents Inscription \u00e0 partir du 2 octobre Pour plus de renseignements 04 91 70 05 78<\/p>\n","protected":false},"author":1,"featured_media":600,"comment_status":"open","ping_status":"open","sticky":false,"template":"","format":"standard","meta":{"_monsterinsights_skip_tracking":false,"_monsterinsights_sitenote_active":false,"_monsterinsights_sitenote_note":"","_monsterinsights_sitenote_category":0,"_themeisle_gutenberg_block_has_review":false,"footnotes":""},"categories":[1],"tags":[],"class_list":["post-587","post","type-post","status-publish","format-standard","has-post-thumbnail","hentry","category-blog"],"aioseo_notices":[],"_links":{"self":[{"href":"https:\/\/cs-lagarde.fr\/index.php?rest_route=\/wp\/v2\/posts\/587","targetHints":{"allow":["GET"]}}],"collection":[{"href":"https:\/\/cs-lagarde.fr\/index.php?rest_route=\/wp\/v2\/posts"}],"about":[{"href":"https:\/\/cs-lagarde.fr\/index.php?rest_route=\/wp\/v2\/types\/post"}],"author":[{"embeddable":true,"href":"https:\/\/cs-lagarde.fr\/index.php?rest_route=\/wp\/v2\/users\/1"}],"replies":[{"embeddable":true,"href":"https:\/\/cs-lagarde.fr\/index.php?rest_route=%2Fwp%2Fv2%2Fcomments&post=587"}],"version-history":[{"count":2,"href":"https:\/\/cs-lagarde.fr\/index.php?rest_route=\/wp\/v2\/posts\/587\/revisions"}],"predecessor-version":[{"id":604,"href":"https:\/\/cs-lagarde.fr\/index.php?rest_route=\/wp\/v2\/posts\/587\/revisions\/604"}],"wp:featuredmedia":[{"embeddable":true,"href":"https:\/\/cs-lagarde.fr\/index.php?rest_route=\/wp\/v2\/media\/600"}],"wp:attachment":[{"href":"https:\/\/cs-lagarde.fr\/index.php?rest_route=%2Fwp%2Fv2%2Fmedia&parent=587"}],"wp:term":[{"taxonomy":"category","embeddable":true,"href":"https:\/\/cs-lagarde.fr\/index.php?rest_route=%2Fwp%2Fv2%2Fcategories&post=587"},{"taxonomy":"post_tag","embeddable":true,"href":"https:\/\/cs-lagarde.fr\/index.php?rest_route=%2Fwp%2Fv2%2Ftags&post=587"}],"curies":[{"name":"wp","href":"https:\/\/api.w.org\/{rel}","templated":true}]}}