{"id":547,"date":"2023-09-11T17:46:06","date_gmt":"2023-09-11T15:46:06","guid":{"rendered":"https:\/\/cs-lagarde.fr\/?p=547"},"modified":"2024-09-02T17:21:50","modified_gmt":"2024-09-02T15:21:50","slug":"ouverture-des-adhesions-2023-2024","status":"publish","type":"post","link":"https:\/\/cs-lagarde.fr\/?p=547","title":{"rendered":"Ouverture des adh\u00e9sions"},"content":{"rendered":"\n<p class=\"has-text-align-center\"><strong>2024-2025<\/strong><\/p>\n\n\n\n<p><strong>L<\/strong>e Centre social La Garde est une structure associative ind\u00e9pendante dont le conseil d\u2019administration est compos\u00e9 exclusivement d\u2019habitants.<\/p>\n\n\n\n<p><strong>A<\/strong>dh\u00e9rer au Centre social c\u2019est soutenir la structure et son projet social. Mais c\u2019est aussi une mani\u00e8re de se reconna\u00eetre dans les valeurs de dignit\u00e9, de solidarit\u00e9 et de d\u00e9mocratie qui sont port\u00e9es par l\u2019association.<\/p>\n\n\n\n<p><strong>L<\/strong>\u2019adh\u00e9sion co\u00fbte <strong>19\u20ac<\/strong> par famille et par an. Elle permet :<\/p>\n\n\n\n<ul class=\"wp-block-list\">\n<li>De s\u2019inscrire \u00e0 toutes les activit\u00e9s et de b\u00e9n\u00e9ficier des services propos\u00e9s par le Centre<\/li>\n\n\n\n<li>D\u2019\u00eatre assur\u00e9 pendant ces activit\u00e9s<\/li>\n\n\n\n<li>De participer \u00e0 l\u2019Assembl\u00e9e G\u00e9n\u00e9rale, de si\u00e9ger au Conseil d\u2019Administration du centre et de prendre part aux d\u00e9cisions importantes.<\/li>\n<\/ul>\n\n\n\n<figure class=\"wp-block-image size-large\"><img fetchpriority=\"high\" decoding=\"async\" width=\"724\" height=\"1024\" src=\"http:\/\/cs-lagarde.fr\/wp-content\/uploads\/2023\/09\/Ouverture-adhesion-724x1024.png\" alt=\"\" class=\"wp-image-954\" srcset=\"https:\/\/cs-lagarde.fr\/wp-content\/uploads\/2023\/09\/Ouverture-adhesion-724x1024.png 724w, https:\/\/cs-lagarde.fr\/wp-content\/uploads\/2023\/09\/Ouverture-adhesion-212x300.png 212w, https:\/\/cs-lagarde.fr\/wp-content\/uploads\/2023\/09\/Ouverture-adhesion-768x1086.png 768w, https:\/\/cs-lagarde.fr\/wp-content\/uploads\/2023\/09\/Ouverture-adhesion-1086x1536.png 1086w, https:\/\/cs-lagarde.fr\/wp-content\/uploads\/2023\/09\/Ouverture-adhesion-1448x2048.png 1448w, https:\/\/cs-lagarde.fr\/wp-content\/uploads\/2023\/09\/Ouverture-adhesion.png 1587w\" sizes=\"(max-width: 724px) 100vw, 724px\" \/><\/figure>\n","protected":false},"excerpt":{"rendered":"<p>Ouverture des adh\u00e9sions<br \/>\n2024-2025<\/p>\n","protected":false},"author":1,"featured_media":954,"comment_status":"open","ping_status":"open","sticky":true,"template":"","format":"standard","meta":{"_monsterinsights_skip_tracking":false,"_monsterinsights_sitenote_active":false,"_monsterinsights_sitenote_note":"","_monsterinsights_sitenote_category":0,"_themeisle_gutenberg_block_has_review":false,"footnotes":""},"categories":[9],"tags":[],"class_list":["post-547","post","type-post","status-publish","format-standard","has-post-thumbnail","hentry","category-a-la-une"],"aioseo_notices":[],"_links":{"self":[{"href":"https:\/\/cs-lagarde.fr\/index.php?rest_route=\/wp\/v2\/posts\/547","targetHints":{"allow":["GET"]}}],"collection":[{"href":"https:\/\/cs-lagarde.fr\/index.php?rest_route=\/wp\/v2\/posts"}],"about":[{"href":"https:\/\/cs-lagarde.fr\/index.php?rest_route=\/wp\/v2\/types\/post"}],"author":[{"embeddable":true,"href":"https:\/\/cs-lagarde.fr\/index.php?rest_route=\/wp\/v2\/users\/1"}],"replies":[{"embeddable":true,"href":"https:\/\/cs-lagarde.fr\/index.php?rest_route=%2Fwp%2Fv2%2Fcomments&post=547"}],"version-history":[{"count":3,"href":"https:\/\/cs-lagarde.fr\/index.php?rest_route=\/wp\/v2\/posts\/547\/revisions"}],"predecessor-version":[{"id":956,"href":"https:\/\/cs-lagarde.fr\/index.php?rest_route=\/wp\/v2\/posts\/547\/revisions\/956"}],"wp:featuredmedia":[{"embeddable":true,"href":"https:\/\/cs-lagarde.fr\/index.php?rest_route=\/wp\/v2\/media\/954"}],"wp:attachment":[{"href":"https:\/\/cs-lagarde.fr\/index.php?rest_route=%2Fwp%2Fv2%2Fmedia&parent=547"}],"wp:term":[{"taxonomy":"category","embeddable":true,"href":"https:\/\/cs-lagarde.fr\/index.php?rest_route=%2Fwp%2Fv2%2Fcategories&post=547"},{"taxonomy":"post_tag","embeddable":true,"href":"https:\/\/cs-lagarde.fr\/index.php?rest_route=%2Fwp%2Fv2%2Ftags&post=547"}],"curies":[{"name":"wp","href":"https:\/\/api.w.org\/{rel}","templated":true}]}}