{"id":518,"date":"2023-08-31T14:12:40","date_gmt":"2023-08-31T12:12:40","guid":{"rendered":"https:\/\/cs-lagarde.fr\/?p=518"},"modified":"2023-08-31T14:13:33","modified_gmt":"2023-08-31T12:13:33","slug":"retour-sur-les-instants-pour-tous","status":"publish","type":"post","link":"https:\/\/cs-lagarde.fr\/?p=518","title":{"rendered":"Retour sur les instants pour tous"},"content":{"rendered":"\n<p>Dans le cadre de l&rsquo;ouverture estivale au mois d&rsquo;ao\u00fbt, tous les mercredis le Centre Social a organis\u00e9 des animations de proximit\u00e9 \u00e0 destination des habitants des quartiers du Clos et de la Garde. <\/p>\n\n\n\n<p>Le 30 ao\u00fbt dernier, les partenaires institutionnels ayant soutenu le centre dans le cadre de cette ouverture estivale ont particip\u00e9 \u00e0 l&rsquo;\u00e9v\u00e9nement organis\u00e9 au Clos. Etaient pr\u00e9sents :<\/p>\n\n\n\n<ul class=\"wp-block-list\">\n<li>M. Bouclon, Vice-pr\u00e9sident de la Caf des Bouches du Rh\u00f4ne ;<\/li>\n\n\n\n<li>M. Heddadi, \u00e9lu aux Centre Sociaux de la Ville de Marseille ;<\/li>\n\n\n\n<li>M. Sibilleau, Pr\u00e9fet \u00e0 l&rsquo;\u00e9galit\u00e9 des chances,<\/li>\n\n\n\n<li>Mme. Preziosi, pr\u00e9sidente de 13 Habitat et \u00e9lue \u00e0 la Politique de la Ville au Conseil D\u00e9partemental 13 ;<\/li>\n<\/ul>\n\n\n\n<p>Les journalistes \u00e9taient \u00e9galement pr\u00e9sents pour l&rsquo;occasion (Retrouvez l&rsquo;article de la Provence en cliquant <a href=\"https:\/\/www.laprovence.com\/article\/region\/78201381591719\/marseille-306-000e-pour-financer-louverture-des-centres-sociaux-cet-ete\" title=\"\">ici<\/a> )<\/p>\n\n\n\n<p>Retour en images :<\/p>\n\n\n\n<figure class=\"wp-block-gallery has-nested-images columns-default is-cropped wp-block-gallery-1 is-layout-flex wp-block-gallery-is-layout-flex\">\n<figure class=\"wp-block-image size-large\"><img fetchpriority=\"high\" decoding=\"async\" width=\"511\" height=\"383\" data-id=\"521\" src=\"https:\/\/cs-lagarde.fr\/wp-content\/uploads\/2023\/08\/signal-2023-08-31-140838_002.jpeg\" alt=\"\" class=\"wp-image-521\" srcset=\"https:\/\/cs-lagarde.fr\/wp-content\/uploads\/2023\/08\/signal-2023-08-31-140838_002.jpeg 511w, https:\/\/cs-lagarde.fr\/wp-content\/uploads\/2023\/08\/signal-2023-08-31-140838_002-300x225.jpeg 300w\" sizes=\"(max-width: 511px) 100vw, 511px\" \/><\/figure>\n\n\n\n<figure class=\"wp-block-image size-large\"><img decoding=\"async\" width=\"383\" height=\"511\" data-id=\"520\" src=\"https:\/\/cs-lagarde.fr\/wp-content\/uploads\/2023\/08\/signal-2023-08-31-140838_005.jpeg\" alt=\"\" class=\"wp-image-520\" srcset=\"https:\/\/cs-lagarde.fr\/wp-content\/uploads\/2023\/08\/signal-2023-08-31-140838_005.jpeg 383w, https:\/\/cs-lagarde.fr\/wp-content\/uploads\/2023\/08\/signal-2023-08-31-140838_005-225x300.jpeg 225w\" sizes=\"(max-width: 383px) 100vw, 383px\" \/><\/figure>\n\n\n\n<figure class=\"wp-block-image size-large\"><img decoding=\"async\" width=\"1024\" height=\"744\" data-id=\"519\" src=\"https:\/\/cs-lagarde.fr\/wp-content\/uploads\/2023\/08\/signal-2023-08-31-140541_010-1024x744.jpeg\" alt=\"\" class=\"wp-image-519\" srcset=\"https:\/\/cs-lagarde.fr\/wp-content\/uploads\/2023\/08\/signal-2023-08-31-140541_010-1024x744.jpeg 1024w, https:\/\/cs-lagarde.fr\/wp-content\/uploads\/2023\/08\/signal-2023-08-31-140541_010-300x218.jpeg 300w, https:\/\/cs-lagarde.fr\/wp-content\/uploads\/2023\/08\/signal-2023-08-31-140541_010-768x558.jpeg 768w, https:\/\/cs-lagarde.fr\/wp-content\/uploads\/2023\/08\/signal-2023-08-31-140541_010-1536x1116.jpeg 1536w, https:\/\/cs-lagarde.fr\/wp-content\/uploads\/2023\/08\/signal-2023-08-31-140541_010.jpeg 2048w\" sizes=\"(max-width: 1024px) 100vw, 1024px\" \/><\/figure>\n\n\n\n<figure class=\"wp-block-image size-large\"><img loading=\"lazy\" decoding=\"async\" width=\"1024\" height=\"768\" data-id=\"522\" src=\"https:\/\/cs-lagarde.fr\/wp-content\/uploads\/2023\/08\/signal-2023-08-31-140541_005-1024x768.jpeg\" alt=\"\" class=\"wp-image-522\" srcset=\"https:\/\/cs-lagarde.fr\/wp-content\/uploads\/2023\/08\/signal-2023-08-31-140541_005-1024x768.jpeg 1024w, https:\/\/cs-lagarde.fr\/wp-content\/uploads\/2023\/08\/signal-2023-08-31-140541_005-300x225.jpeg 300w, https:\/\/cs-lagarde.fr\/wp-content\/uploads\/2023\/08\/signal-2023-08-31-140541_005-768x576.jpeg 768w, https:\/\/cs-lagarde.fr\/wp-content\/uploads\/2023\/08\/signal-2023-08-31-140541_005-1536x1152.jpeg 1536w, https:\/\/cs-lagarde.fr\/wp-content\/uploads\/2023\/08\/signal-2023-08-31-140541_005.jpeg 2048w\" sizes=\"(max-width: 1024px) 100vw, 1024px\" \/><\/figure>\n<\/figure>\n","protected":false},"excerpt":{"rendered":"<p>Dans le cadre de l&rsquo;ouverture estivale au mois d&rsquo;ao\u00fbt, tous les mercredis le Centre Social a organis\u00e9 des animations de proximit\u00e9 \u00e0 destination des habitants des quartiers du Clos et de la Garde. Le 30 ao\u00fbt dernier, les partenaires institutionnels ayant soutenu le centre dans le cadre de cette ouverture estivale ont particip\u00e9 \u00e0 l&rsquo;\u00e9v\u00e9nement organis\u00e9 au Clos. Etaient pr\u00e9sents : Les journalistes \u00e9taient \u00e9galement pr\u00e9sents pour l&rsquo;occasion (Retrouvez l&rsquo;article de la Provence en cliquant ici ) Retour en images :<\/p>\n","protected":false},"author":1,"featured_media":524,"comment_status":"open","ping_status":"open","sticky":false,"template":"","format":"standard","meta":{"_monsterinsights_skip_tracking":false,"_monsterinsights_sitenote_active":false,"_monsterinsights_sitenote_note":"","_monsterinsights_sitenote_category":0,"_themeisle_gutenberg_block_has_review":false,"footnotes":""},"categories":[9,1],"tags":[],"class_list":["post-518","post","type-post","status-publish","format-standard","has-post-thumbnail","hentry","category-a-la-une","category-blog"],"aioseo_notices":[],"_links":{"self":[{"href":"https:\/\/cs-lagarde.fr\/index.php?rest_route=\/wp\/v2\/posts\/518","targetHints":{"allow":["GET"]}}],"collection":[{"href":"https:\/\/cs-lagarde.fr\/index.php?rest_route=\/wp\/v2\/posts"}],"about":[{"href":"https:\/\/cs-lagarde.fr\/index.php?rest_route=\/wp\/v2\/types\/post"}],"author":[{"embeddable":true,"href":"https:\/\/cs-lagarde.fr\/index.php?rest_route=\/wp\/v2\/users\/1"}],"replies":[{"embeddable":true,"href":"https:\/\/cs-lagarde.fr\/index.php?rest_route=%2Fwp%2Fv2%2Fcomments&post=518"}],"version-history":[{"count":1,"href":"https:\/\/cs-lagarde.fr\/index.php?rest_route=\/wp\/v2\/posts\/518\/revisions"}],"predecessor-version":[{"id":523,"href":"https:\/\/cs-lagarde.fr\/index.php?rest_route=\/wp\/v2\/posts\/518\/revisions\/523"}],"wp:featuredmedia":[{"embeddable":true,"href":"https:\/\/cs-lagarde.fr\/index.php?rest_route=\/wp\/v2\/media\/524"}],"wp:attachment":[{"href":"https:\/\/cs-lagarde.fr\/index.php?rest_route=%2Fwp%2Fv2%2Fmedia&parent=518"}],"wp:term":[{"taxonomy":"category","embeddable":true,"href":"https:\/\/cs-lagarde.fr\/index.php?rest_route=%2Fwp%2Fv2%2Fcategories&post=518"},{"taxonomy":"post_tag","embeddable":true,"href":"https:\/\/cs-lagarde.fr\/index.php?rest_route=%2Fwp%2Fv2%2Ftags&post=518"}],"curies":[{"name":"wp","href":"https:\/\/api.w.org\/{rel}","templated":true}]}}