{"id":168,"date":"2023-08-02T10:11:26","date_gmt":"2023-08-02T08:11:26","guid":{"rendered":"https:\/\/cs-lagarde.fr\/?p=168"},"modified":"2023-08-08T17:07:41","modified_gmt":"2023-08-08T15:07:41","slug":"event-3","status":"publish","type":"post","link":"https:\/\/cs-lagarde.fr\/?p=168","title":{"rendered":"Ouverture du Centre Social en ao\u00fbt"},"content":{"rendered":"\n<p>Pour la troisi\u00e8me ann\u00e9e cons\u00e9cutive, le Centre Social La Garde ouvre ses portes pendant le mois d&rsquo;ao\u00fbt. Au programme, des sorties pour les familles et les jeunes, des Instants pour Tous sur la Cit\u00e9 du Clos, les Vacances Apprenantes pour les enfants ou encore le s\u00e9jour Pr\u00e9parons La Rentr\u00e9e.<\/p>\n\n\n\n<p>Les horaires \u00e9voluent pendant cette p\u00e9riode :<\/p>\n\n\n\n<ul class=\"wp-block-list\">\n<li>Du <strong>7 au 21 ao\u00fbt<\/strong> l\u2019accueil se fera exclusivement au 11 boulevard du Metro du lundi au vendredi<strong> de 9h \u00e0 12h et de 15h30 \u00e0 17h30 <\/strong><em>(attention, le centre sera ferm\u00e9 le 14\/08)<\/em><\/li>\n\n\n\n<li>A<strong> partir du 21 ao\u00fbt<\/strong>, l\u2019accueil se fera sur les deux espaces, au 11 boulevard du m\u00e9tro et au 37\/41 av. Fran\u00e7ois Mignet<\/li>\n\n\n\n<li>Pas d&rsquo;<strong>accueil Emploi <\/strong>du <strong>28\/07 au 23\/08<\/strong><\/li>\n\n\n\n<li>Pas de <strong>permanences emploi <\/strong>les vendredis du <strong>28\/07 au 01\/09<\/strong><\/li>\n<\/ul>\n\n\n\n<p class=\"has-medium-font-size\">Toutes les infos ci-dessous, au Centre Social (11 Boulevard du Metro) ou par t\u00e9l\u00e9phone au 04.91.70.05.78<\/p>\n\n\n\n<figure class=\"wp-block-gallery has-nested-images columns-default is-cropped wp-block-gallery-1 is-layout-flex wp-block-gallery-is-layout-flex\">\n<figure class=\"wp-block-image size-large\"><img fetchpriority=\"high\" decoding=\"async\" width=\"724\" height=\"1024\" data-id=\"308\" src=\"https:\/\/cs-lagarde.fr\/wp-content\/uploads\/2023\/08\/Horaires-Aout-2023-1-724x1024.png\" alt=\"\" class=\"wp-image-308\" srcset=\"https:\/\/cs-lagarde.fr\/wp-content\/uploads\/2023\/08\/Horaires-Aout-2023-1-724x1024.png 724w, https:\/\/cs-lagarde.fr\/wp-content\/uploads\/2023\/08\/Horaires-Aout-2023-1-212x300.png 212w, https:\/\/cs-lagarde.fr\/wp-content\/uploads\/2023\/08\/Horaires-Aout-2023-1-768x1086.png 768w, https:\/\/cs-lagarde.fr\/wp-content\/uploads\/2023\/08\/Horaires-Aout-2023-1-1086x1536.png 1086w, https:\/\/cs-lagarde.fr\/wp-content\/uploads\/2023\/08\/Horaires-Aout-2023-1.png 1414w\" sizes=\"(max-width: 724px) 100vw, 724px\" \/><figcaption class=\"wp-element-caption\">Accueil<\/figcaption><\/figure>\n\n\n\n<figure class=\"wp-block-image size-large\"><img decoding=\"async\" width=\"720\" height=\"1024\" data-id=\"309\" src=\"https:\/\/cs-lagarde.fr\/wp-content\/uploads\/2023\/08\/InstantsPourTous_Aout2023-1-720x1024.jpg\" alt=\"\" class=\"wp-image-309\" srcset=\"https:\/\/cs-lagarde.fr\/wp-content\/uploads\/2023\/08\/InstantsPourTous_Aout2023-1-720x1024.jpg 720w, https:\/\/cs-lagarde.fr\/wp-content\/uploads\/2023\/08\/InstantsPourTous_Aout2023-1-211x300.jpg 211w, https:\/\/cs-lagarde.fr\/wp-content\/uploads\/2023\/08\/InstantsPourTous_Aout2023-1-768x1092.jpg 768w, https:\/\/cs-lagarde.fr\/wp-content\/uploads\/2023\/08\/InstantsPourTous_Aout2023-1-1080x1536.jpg 1080w, https:\/\/cs-lagarde.fr\/wp-content\/uploads\/2023\/08\/InstantsPourTous_Aout2023-1-1440x2048.jpg 1440w, https:\/\/cs-lagarde.fr\/wp-content\/uploads\/2023\/08\/InstantsPourTous_Aout2023-1-scaled.jpg 1800w\" sizes=\"(max-width: 720px) 100vw, 720px\" \/><figcaption class=\"wp-element-caption\">Instants Pour Tous<\/figcaption><\/figure>\n\n\n\n<figure class=\"wp-block-image size-large\"><img decoding=\"async\" width=\"724\" height=\"1024\" data-id=\"310\" src=\"https:\/\/cs-lagarde.fr\/wp-content\/uploads\/2023\/08\/Programme-Secteur-Jeunes_Aout-2023-724x1024.png\" alt=\"\" class=\"wp-image-310\" srcset=\"https:\/\/cs-lagarde.fr\/wp-content\/uploads\/2023\/08\/Programme-Secteur-Jeunes_Aout-2023-724x1024.png 724w, https:\/\/cs-lagarde.fr\/wp-content\/uploads\/2023\/08\/Programme-Secteur-Jeunes_Aout-2023-212x300.png 212w, https:\/\/cs-lagarde.fr\/wp-content\/uploads\/2023\/08\/Programme-Secteur-Jeunes_Aout-2023-768x1086.png 768w, https:\/\/cs-lagarde.fr\/wp-content\/uploads\/2023\/08\/Programme-Secteur-Jeunes_Aout-2023-1086x1536.png 1086w, https:\/\/cs-lagarde.fr\/wp-content\/uploads\/2023\/08\/Programme-Secteur-Jeunes_Aout-2023.png 1414w\" sizes=\"(max-width: 724px) 100vw, 724px\" \/><figcaption class=\"wp-element-caption\">Programme Secteur Jeunes<\/figcaption><\/figure>\n\n\n\n<figure class=\"wp-block-image size-large\"><img loading=\"lazy\" decoding=\"async\" width=\"724\" height=\"1024\" data-id=\"313\" src=\"https:\/\/cs-lagarde.fr\/wp-content\/uploads\/2023\/08\/sortie-famille--724x1024.png\" alt=\"\" class=\"wp-image-313\" srcset=\"https:\/\/cs-lagarde.fr\/wp-content\/uploads\/2023\/08\/sortie-famille--724x1024.png 724w, https:\/\/cs-lagarde.fr\/wp-content\/uploads\/2023\/08\/sortie-famille--212x300.png 212w, https:\/\/cs-lagarde.fr\/wp-content\/uploads\/2023\/08\/sortie-famille--768x1086.png 768w, https:\/\/cs-lagarde.fr\/wp-content\/uploads\/2023\/08\/sortie-famille--1086x1536.png 1086w, https:\/\/cs-lagarde.fr\/wp-content\/uploads\/2023\/08\/sortie-famille-.png 1414w\" sizes=\"(max-width: 724px) 100vw, 724px\" \/><figcaption class=\"wp-element-caption\">Sorties Familles<\/figcaption><\/figure>\n\n\n\n<figure class=\"wp-block-image size-large\"><img loading=\"lazy\" decoding=\"async\" width=\"724\" height=\"1024\" data-id=\"314\" src=\"https:\/\/cs-lagarde.fr\/wp-content\/uploads\/2023\/08\/Sortie-jeunes-SEPTEMBRE-15-ANS-724x1024.png\" alt=\"\" class=\"wp-image-314\" srcset=\"https:\/\/cs-lagarde.fr\/wp-content\/uploads\/2023\/08\/Sortie-jeunes-SEPTEMBRE-15-ANS-724x1024.png 724w, https:\/\/cs-lagarde.fr\/wp-content\/uploads\/2023\/08\/Sortie-jeunes-SEPTEMBRE-15-ANS-212x300.png 212w, https:\/\/cs-lagarde.fr\/wp-content\/uploads\/2023\/08\/Sortie-jeunes-SEPTEMBRE-15-ANS-768x1086.png 768w, https:\/\/cs-lagarde.fr\/wp-content\/uploads\/2023\/08\/Sortie-jeunes-SEPTEMBRE-15-ANS-1086x1536.png 1086w, https:\/\/cs-lagarde.fr\/wp-content\/uploads\/2023\/08\/Sortie-jeunes-SEPTEMBRE-15-ANS.png 1414w\" sizes=\"(max-width: 724px) 100vw, 724px\" \/><figcaption class=\"wp-element-caption\">Sortie Jeunes<\/figcaption><\/figure>\n<\/figure>\n","protected":false},"excerpt":{"rendered":"<p>Pour la troisi\u00e8me ann\u00e9e cons\u00e9cutive, le Centre Social La Garde ouvre ses portes pendant le mois d&rsquo;ao\u00fbt. Au programme, des sorties pour les familles et les jeunes, des Instants pour Tous sur la Cit\u00e9 du Clos, les Vacances Apprenantes pour les enfants ou encore le s\u00e9jour Pr\u00e9parons La Rentr\u00e9e. Les horaires \u00e9voluent pendant cette p\u00e9riode : Toutes les infos ci-dessous, au Centre Social (11 Boulevard du Metro) ou par t\u00e9l\u00e9phone au 04.91.70.05.78<\/p>\n","protected":false},"author":1,"featured_media":315,"comment_status":"open","ping_status":"open","sticky":false,"template":"","format":"standard","meta":{"_monsterinsights_skip_tracking":false,"_monsterinsights_sitenote_active":false,"_monsterinsights_sitenote_note":"","_monsterinsights_sitenote_category":0,"_themeisle_gutenberg_block_has_review":false,"footnotes":""},"categories":[9,8],"tags":[],"class_list":["post-168","post","type-post","status-publish","format-standard","has-post-thumbnail","hentry","category-a-la-une","category-event"],"aioseo_notices":[],"_links":{"self":[{"href":"https:\/\/cs-lagarde.fr\/index.php?rest_route=\/wp\/v2\/posts\/168","targetHints":{"allow":["GET"]}}],"collection":[{"href":"https:\/\/cs-lagarde.fr\/index.php?rest_route=\/wp\/v2\/posts"}],"about":[{"href":"https:\/\/cs-lagarde.fr\/index.php?rest_route=\/wp\/v2\/types\/post"}],"author":[{"embeddable":true,"href":"https:\/\/cs-lagarde.fr\/index.php?rest_route=\/wp\/v2\/users\/1"}],"replies":[{"embeddable":true,"href":"https:\/\/cs-lagarde.fr\/index.php?rest_route=%2Fwp%2Fv2%2Fcomments&post=168"}],"version-history":[{"count":2,"href":"https:\/\/cs-lagarde.fr\/index.php?rest_route=\/wp\/v2\/posts\/168\/revisions"}],"predecessor-version":[{"id":316,"href":"https:\/\/cs-lagarde.fr\/index.php?rest_route=\/wp\/v2\/posts\/168\/revisions\/316"}],"wp:featuredmedia":[{"embeddable":true,"href":"https:\/\/cs-lagarde.fr\/index.php?rest_route=\/wp\/v2\/media\/315"}],"wp:attachment":[{"href":"https:\/\/cs-lagarde.fr\/index.php?rest_route=%2Fwp%2Fv2%2Fmedia&parent=168"}],"wp:term":[{"taxonomy":"category","embeddable":true,"href":"https:\/\/cs-lagarde.fr\/index.php?rest_route=%2Fwp%2Fv2%2Fcategories&post=168"},{"taxonomy":"post_tag","embeddable":true,"href":"https:\/\/cs-lagarde.fr\/index.php?rest_route=%2Fwp%2Fv2%2Ftags&post=168"}],"curies":[{"name":"wp","href":"https:\/\/api.w.org\/{rel}","templated":true}]}}