{"id":1678,"date":"2026-01-12T14:41:53","date_gmt":"2026-01-12T13:41:53","guid":{"rendered":"https:\/\/cs-lagarde.fr\/?p=1678"},"modified":"2026-01-12T15:25:30","modified_gmt":"2026-01-12T14:25:30","slug":"inscriptions-centre-aere-vacances-de-fevrier","status":"publish","type":"post","link":"https:\/\/cs-lagarde.fr\/?p=1678","title":{"rendered":"INSCRIPTIONS CENTRE A\u00c9R\u00c9                     VACANCES DE F\u00c9VRIER"},"content":{"rendered":"\n<figure class=\"wp-block-image size-large\"><img fetchpriority=\"high\" decoding=\"async\" width=\"724\" height=\"1024\" src=\"https:\/\/cs-lagarde.fr\/wp-content\/uploads\/2026\/01\/inscriptions-centre-de-loisirs-MERCREDIS4-1-724x1024.png\" alt=\"\" class=\"wp-image-1681\" srcset=\"https:\/\/cs-lagarde.fr\/wp-content\/uploads\/2026\/01\/inscriptions-centre-de-loisirs-MERCREDIS4-1-724x1024.png 724w, https:\/\/cs-lagarde.fr\/wp-content\/uploads\/2026\/01\/inscriptions-centre-de-loisirs-MERCREDIS4-1-212x300.png 212w, https:\/\/cs-lagarde.fr\/wp-content\/uploads\/2026\/01\/inscriptions-centre-de-loisirs-MERCREDIS4-1-768x1086.png 768w, https:\/\/cs-lagarde.fr\/wp-content\/uploads\/2026\/01\/inscriptions-centre-de-loisirs-MERCREDIS4-1-1086x1536.png 1086w, https:\/\/cs-lagarde.fr\/wp-content\/uploads\/2026\/01\/inscriptions-centre-de-loisirs-MERCREDIS4-1.png 1414w\" sizes=\"(max-width: 724px) 100vw, 724px\" \/><\/figure>\n","protected":false},"excerpt":{"rendered":"","protected":false},"author":1,"featured_media":1679,"comment_status":"open","ping_status":"open","sticky":false,"template":"","format":"standard","meta":{"_monsterinsights_skip_tracking":false,"_monsterinsights_sitenote_active":false,"_monsterinsights_sitenote_note":"","_monsterinsights_sitenote_category":0,"_themeisle_gutenberg_block_has_review":false,"footnotes":""},"categories":[9,1],"tags":[],"class_list":["post-1678","post","type-post","status-publish","format-standard","has-post-thumbnail","hentry","category-a-la-une","category-blog"],"aioseo_notices":[],"_links":{"self":[{"href":"https:\/\/cs-lagarde.fr\/index.php?rest_route=\/wp\/v2\/posts\/1678","targetHints":{"allow":["GET"]}}],"collection":[{"href":"https:\/\/cs-lagarde.fr\/index.php?rest_route=\/wp\/v2\/posts"}],"about":[{"href":"https:\/\/cs-lagarde.fr\/index.php?rest_route=\/wp\/v2\/types\/post"}],"author":[{"embeddable":true,"href":"https:\/\/cs-lagarde.fr\/index.php?rest_route=\/wp\/v2\/users\/1"}],"replies":[{"embeddable":true,"href":"https:\/\/cs-lagarde.fr\/index.php?rest_route=%2Fwp%2Fv2%2Fcomments&post=1678"}],"version-history":[{"count":2,"href":"https:\/\/cs-lagarde.fr\/index.php?rest_route=\/wp\/v2\/posts\/1678\/revisions"}],"predecessor-version":[{"id":1682,"href":"https:\/\/cs-lagarde.fr\/index.php?rest_route=\/wp\/v2\/posts\/1678\/revisions\/1682"}],"wp:featuredmedia":[{"embeddable":true,"href":"https:\/\/cs-lagarde.fr\/index.php?rest_route=\/wp\/v2\/media\/1679"}],"wp:attachment":[{"href":"https:\/\/cs-lagarde.fr\/index.php?rest_route=%2Fwp%2Fv2%2Fmedia&parent=1678"}],"wp:term":[{"taxonomy":"category","embeddable":true,"href":"https:\/\/cs-lagarde.fr\/index.php?rest_route=%2Fwp%2Fv2%2Fcategories&post=1678"},{"taxonomy":"post_tag","embeddable":true,"href":"https:\/\/cs-lagarde.fr\/index.php?rest_route=%2Fwp%2Fv2%2Ftags&post=1678"}],"curies":[{"name":"wp","href":"https:\/\/api.w.org\/{rel}","templated":true}]}}