{"id":1656,"date":"2026-01-28T11:56:12","date_gmt":"2026-01-28T10:56:12","guid":{"rendered":"https:\/\/cs-lagarde.fr\/?p=1656"},"modified":"2026-01-28T11:56:12","modified_gmt":"2026-01-28T10:56:12","slug":"atelier-bienvenue-a-la-retraite-vous-etes-nouveau-ou-futur-retraite","status":"publish","type":"post","link":"https:\/\/cs-lagarde.fr\/?p=1656","title":{"rendered":"ATELIER \u00ab\u00a0Bienvenue \u00e0 la retraite\u00a0\u00bb                                                                                                Vous \u00eates nouveau ou futur retrait\u00e9\u00a0?"},"content":{"rendered":"\n<p><strong>Vous avez entre 60 et 68 ans&nbsp;?&nbsp;<\/strong><\/p>\n\n\n\n<p><em>L\u2019atelier \u00ab&nbsp;Bienvenue \u00e0 la retraite est fait pour vous&nbsp;\u00bb !<\/em><\/p>\n\n\n\n<figure class=\"wp-block-image size-large is-resized\"><img fetchpriority=\"high\" decoding=\"async\" width=\"1024\" height=\"756\" src=\"https:\/\/cs-lagarde.fr\/wp-content\/uploads\/2025\/11\/image-1-1024x756.png\" alt=\"\" class=\"wp-image-1657\" style=\"width:402px;height:auto\" srcset=\"https:\/\/cs-lagarde.fr\/wp-content\/uploads\/2025\/11\/image-1-1024x756.png 1024w, https:\/\/cs-lagarde.fr\/wp-content\/uploads\/2025\/11\/image-1-300x222.png 300w, https:\/\/cs-lagarde.fr\/wp-content\/uploads\/2025\/11\/image-1-768x567.png 768w, https:\/\/cs-lagarde.fr\/wp-content\/uploads\/2025\/11\/image-1.png 1163w\" sizes=\"(max-width: 1024px) 100vw, 1024px\" \/><\/figure>\n\n\n\n<p><em>Vous comptez partir en retraite dans les deux ans \u00e0 venir ou <\/em><\/p>\n\n\n\n<p><em>vous avez pris votre retraite depuis moins de trois ans, nous vous proposons de participer \u00e0&nbsp;:<\/em><\/p>\n\n\n\n<p><strong>Un atelier Bienvenue \u00e0 la retraite compos\u00e9 de 6 s\u00e9ances de 2h30<\/strong><\/p>\n\n\n\n<p>Retrouvons-nous le&nbsp;<\/p>\n\n\n\n<p><strong><em>Mardi 3 f\u00e9vrier 2026 \u00e0 14h<\/em>30<\/strong><\/p>\n\n\n\n<p>Centre Social et Culturel La Garde&nbsp;<\/p>\n\n\n\n<p><strong>11 boulevard du m\u00e9tro 13013 Marseille&nbsp;<\/strong><\/p>\n\n\n\n<p>pour une r\u00e9union d\u2019information autour d\u2019un caf\u00e9 !<\/p>\n\n\n\n<figure class=\"wp-block-image size-full is-resized\"><img decoding=\"async\" width=\"293\" height=\"60\" src=\"https:\/\/cs-lagarde.fr\/wp-content\/uploads\/2025\/11\/image-2.png\" alt=\"\" class=\"wp-image-1696\" style=\"width:210px;height:auto\"\/><\/figure>\n\n\n\n<figure class=\"wp-block-image size-full is-resized\"><img decoding=\"async\" width=\"128\" height=\"66\" src=\"https:\/\/cs-lagarde.fr\/wp-content\/uploads\/2025\/11\/image.jpeg\" alt=\"\" class=\"wp-image-1699\" style=\"width:123px;height:auto\"\/><\/figure>\n\n\n\n<figure class=\"wp-block-image size-full\"><img loading=\"lazy\" decoding=\"async\" width=\"126\" height=\"74\" src=\"https:\/\/cs-lagarde.fr\/wp-content\/uploads\/2025\/11\/image.jpg\" alt=\"\" class=\"wp-image-1695\"\/><\/figure>\n\n\n\n<figure class=\"wp-block-image size-full is-resized\"><img loading=\"lazy\" decoding=\"async\" width=\"94\" height=\"90\" src=\"https:\/\/cs-lagarde.fr\/wp-content\/uploads\/2025\/11\/image-2.jpg\" alt=\"\" class=\"wp-image-1698\" style=\"width:114px;height:auto\"\/><\/figure>\n\n\n\n<figure class=\"wp-block-image size-full is-resized\"><img loading=\"lazy\" decoding=\"async\" width=\"132\" height=\"88\" src=\"https:\/\/cs-lagarde.fr\/wp-content\/uploads\/2025\/11\/image-1.jpg\" alt=\"\" class=\"wp-image-1697\" style=\"width:128px;height:auto\"\/><\/figure>\n\n\n\n<p><\/p>\n","protected":false},"excerpt":{"rendered":"<p>Vous comptez partir en retraite dans les deux ans \u00e0 venir ou <\/p>\n<p>vous avez pris votre retraite depuis moins de trois ans, nous vous proposons de participer \u00e0\u00a0:<\/p>\n<p>Un atelier Bienvenue \u00e0 la retraite compos\u00e9 de 6 s\u00e9ances de 2h30<\/p>\n<p>Retrouvons-nous le\u00a0<\/p>\n<p>Vendredi 21 novembre 2025 \u00e0 14h<\/p>\n<p>Centre Social et Culturel La Garde\u00a0<\/p>\n<p>11 boulevard du m\u00e9tro 13013 Marseille\u00a0<\/p>\n<p>pour une r\u00e9union d\u2019information autour d\u2019un caf\u00e9 !<\/p>\n","protected":false},"author":1,"featured_media":1657,"comment_status":"open","ping_status":"open","sticky":false,"template":"","format":"standard","meta":{"_monsterinsights_skip_tracking":false,"_monsterinsights_sitenote_active":false,"_monsterinsights_sitenote_note":"","_monsterinsights_sitenote_category":0,"_themeisle_gutenberg_block_has_review":false,"footnotes":""},"categories":[9,1],"tags":[],"class_list":["post-1656","post","type-post","status-publish","format-standard","has-post-thumbnail","hentry","category-a-la-une","category-blog"],"aioseo_notices":[],"_links":{"self":[{"href":"https:\/\/cs-lagarde.fr\/index.php?rest_route=\/wp\/v2\/posts\/1656","targetHints":{"allow":["GET"]}}],"collection":[{"href":"https:\/\/cs-lagarde.fr\/index.php?rest_route=\/wp\/v2\/posts"}],"about":[{"href":"https:\/\/cs-lagarde.fr\/index.php?rest_route=\/wp\/v2\/types\/post"}],"author":[{"embeddable":true,"href":"https:\/\/cs-lagarde.fr\/index.php?rest_route=\/wp\/v2\/users\/1"}],"replies":[{"embeddable":true,"href":"https:\/\/cs-lagarde.fr\/index.php?rest_route=%2Fwp%2Fv2%2Fcomments&post=1656"}],"version-history":[{"count":2,"href":"https:\/\/cs-lagarde.fr\/index.php?rest_route=\/wp\/v2\/posts\/1656\/revisions"}],"predecessor-version":[{"id":1701,"href":"https:\/\/cs-lagarde.fr\/index.php?rest_route=\/wp\/v2\/posts\/1656\/revisions\/1701"}],"wp:featuredmedia":[{"embeddable":true,"href":"https:\/\/cs-lagarde.fr\/index.php?rest_route=\/wp\/v2\/media\/1657"}],"wp:attachment":[{"href":"https:\/\/cs-lagarde.fr\/index.php?rest_route=%2Fwp%2Fv2%2Fmedia&parent=1656"}],"wp:term":[{"taxonomy":"category","embeddable":true,"href":"https:\/\/cs-lagarde.fr\/index.php?rest_route=%2Fwp%2Fv2%2Fcategories&post=1656"},{"taxonomy":"post_tag","embeddable":true,"href":"https:\/\/cs-lagarde.fr\/index.php?rest_route=%2Fwp%2Fv2%2Ftags&post=1656"}],"curies":[{"name":"wp","href":"https:\/\/api.w.org\/{rel}","templated":true}]}}