{"id":1587,"date":"2025-09-29T15:33:17","date_gmt":"2025-09-29T13:33:17","guid":{"rendered":"https:\/\/cs-lagarde.fr\/?p=1587"},"modified":"2025-09-29T15:35:37","modified_gmt":"2025-09-29T13:35:37","slug":"atelier-bienvenue-a-la-retraite-2","status":"publish","type":"post","link":"https:\/\/cs-lagarde.fr\/?p=1587","title":{"rendered":"Atelier \u00ab\u00a0Bienvenue \u00e0 la retraite\u00a0\u00bb"},"content":{"rendered":"\n<p><strong>Vous \u00eates nouveau ou futur retrait\u00e9&nbsp;?<\/strong><\/p>\n\n\n\n<p><em>L\u2019atelier \u00ab&nbsp;Bienvenue \u00e0 la retraite est fait pour vous&nbsp;\u00bb !<\/em><\/p>\n\n\n\n<figure class=\"wp-block-image size-full\"><img fetchpriority=\"high\" decoding=\"async\" width=\"940\" height=\"694\" src=\"https:\/\/cs-lagarde.fr\/wp-content\/uploads\/2025\/09\/image-1.png\" alt=\"\" class=\"wp-image-1592\" srcset=\"https:\/\/cs-lagarde.fr\/wp-content\/uploads\/2025\/09\/image-1.png 940w, https:\/\/cs-lagarde.fr\/wp-content\/uploads\/2025\/09\/image-1-300x221.png 300w, https:\/\/cs-lagarde.fr\/wp-content\/uploads\/2025\/09\/image-1-768x567.png 768w\" sizes=\"(max-width: 940px) 100vw, 940px\" \/><\/figure>\n\n\n\n<p><em>Vous comptez partir en retraite dans les deux ans \u00e0 venir ou vous avez pris votre retraite depuis moins de trois ans, nous vous proposons de participer \u00e0&nbsp;:<\/em><\/p>\n\n\n\n<p><strong>Un atelier Bienvenue \u00e0 la retraite compos\u00e9 de 6 s\u00e9ances de 2h30<\/strong><\/p>\n\n\n\n<p>Retrouvons-nous le&nbsp;<\/p>\n\n\n\n<p><img decoding=\"async\" width=\"206\" height=\"186\" src=\"\" alt=\"R\u00e9serv\u00e9: Rencontrer de nouvelles personnes, passer un moment convivial  \"><strong><em>Mardi 07 octobre<\/em><\/strong><strong><em> 2025 de 9h30 \u00e0 11h<\/em><\/strong><\/p>\n\n\n\n<p>Centre Social et Culturel La Garde<\/p>\n\n\n\n<p><strong>11 boulevard du m\u00e9tro<\/strong><\/p>\n\n\n\n<p><strong>13013 Marseille<\/strong><\/p>\n\n\n\n<p>pour une r\u00e9union d\u2019information autour d\u2019un petit d\u00e9jeuner&nbsp;!<\/p>\n\n\n\n<p><\/p>\n","protected":false},"excerpt":{"rendered":"<p>Vous \u00eates nouveau ou futur retrait\u00e9&nbsp;? L\u2019atelier \u00ab&nbsp;Bienvenue \u00e0 la retraite est fait pour vous&nbsp;\u00bb ! Vous comptez partir en retraite dans les deux ans \u00e0 venir ou vous avez pris votre retraite depuis moins de trois ans, nous vous proposons de participer \u00e0&nbsp;: Un atelier Bienvenue \u00e0 la retraite compos\u00e9 de 6 s\u00e9ances de 2h30 Retrouvons-nous le&nbsp; Mardi 07 octobre 2025 de 9h30 \u00e0 11h Centre Social et Culturel La Garde 11 boulevard du m\u00e9tro 13013 Marseille pour une r\u00e9union d\u2019information autour d\u2019un petit d\u00e9jeuner&nbsp;!<\/p>\n","protected":false},"author":1,"featured_media":1592,"comment_status":"open","ping_status":"open","sticky":false,"template":"","format":"standard","meta":{"_monsterinsights_skip_tracking":false,"_monsterinsights_sitenote_active":false,"_monsterinsights_sitenote_note":"","_monsterinsights_sitenote_category":0,"_themeisle_gutenberg_block_has_review":false,"footnotes":""},"categories":[9,1],"tags":[],"class_list":["post-1587","post","type-post","status-publish","format-standard","has-post-thumbnail","hentry","category-a-la-une","category-blog"],"aioseo_notices":[],"_links":{"self":[{"href":"https:\/\/cs-lagarde.fr\/index.php?rest_route=\/wp\/v2\/posts\/1587","targetHints":{"allow":["GET"]}}],"collection":[{"href":"https:\/\/cs-lagarde.fr\/index.php?rest_route=\/wp\/v2\/posts"}],"about":[{"href":"https:\/\/cs-lagarde.fr\/index.php?rest_route=\/wp\/v2\/types\/post"}],"author":[{"embeddable":true,"href":"https:\/\/cs-lagarde.fr\/index.php?rest_route=\/wp\/v2\/users\/1"}],"replies":[{"embeddable":true,"href":"https:\/\/cs-lagarde.fr\/index.php?rest_route=%2Fwp%2Fv2%2Fcomments&post=1587"}],"version-history":[{"count":2,"href":"https:\/\/cs-lagarde.fr\/index.php?rest_route=\/wp\/v2\/posts\/1587\/revisions"}],"predecessor-version":[{"id":1594,"href":"https:\/\/cs-lagarde.fr\/index.php?rest_route=\/wp\/v2\/posts\/1587\/revisions\/1594"}],"wp:featuredmedia":[{"embeddable":true,"href":"https:\/\/cs-lagarde.fr\/index.php?rest_route=\/wp\/v2\/media\/1592"}],"wp:attachment":[{"href":"https:\/\/cs-lagarde.fr\/index.php?rest_route=%2Fwp%2Fv2%2Fmedia&parent=1587"}],"wp:term":[{"taxonomy":"category","embeddable":true,"href":"https:\/\/cs-lagarde.fr\/index.php?rest_route=%2Fwp%2Fv2%2Fcategories&post=1587"},{"taxonomy":"post_tag","embeddable":true,"href":"https:\/\/cs-lagarde.fr\/index.php?rest_route=%2Fwp%2Fv2%2Ftags&post=1587"}],"curies":[{"name":"wp","href":"https:\/\/api.w.org\/{rel}","templated":true}]}}