{"id":1268,"date":"2025-05-06T20:35:02","date_gmt":"2025-05-06T18:35:02","guid":{"rendered":"https:\/\/cs-lagarde.fr\/?p=1268"},"modified":"2025-05-06T20:58:46","modified_gmt":"2025-05-06T18:58:46","slug":"vacances-dete","status":"publish","type":"post","link":"https:\/\/cs-lagarde.fr\/?p=1268","title":{"rendered":"Vacances d&rsquo;\u00e9t\u00e9"},"content":{"rendered":"\n<p class=\"o-typing-slower\"><strong><o-anim-typing>Inscriptions au centre de loisirs 3\/11 ans<\/o-anim-typing><\/strong><\/p>\n\n\n\n<p>Les inscriptions pour le centre de loisirs <strong>3\/11 ans<\/strong> pour les vacances d&rsquo;\u00e9t\u00e9 auront lieu \u00e0 partir du 04\/06\/2025 <strong>SUR RDV<\/strong>.<\/p>\n\n\n\n<p><em>&nbsp;Attention, places limit\u00e9es.<\/em><\/p>\n\n\n\n<figure class=\"wp-block-image size-large is-resized\"><img decoding=\"async\" src=\"https:\/\/cs-lagarde.fr\/wp-content\/uploads\/2025\/05\/inscriptions-centre-de-loisirs1-724x1024.png\" alt=\"\" class=\"wp-image-1269\" style=\"aspect-ratio:0.70703125;width:602px;height:auto\"\/><\/figure>\n","protected":false},"excerpt":{"rendered":"<p>Inscriptions au centre de loisirs 3\/11 ans Les inscriptions pour le centre de loisirs 3\/11 ans pour les vacances d&rsquo;\u00e9t\u00e9 auront lieu \u00e0 partir du 04\/06\/2025 SUR RDV. &nbsp;Attention, places limit\u00e9es.<\/p>\n","protected":false},"author":1,"featured_media":1269,"comment_status":"open","ping_status":"open","sticky":false,"template":"","format":"standard","meta":{"_monsterinsights_skip_tracking":false,"_monsterinsights_sitenote_active":false,"_monsterinsights_sitenote_note":"","_monsterinsights_sitenote_category":0,"_themeisle_gutenberg_block_has_review":false,"footnotes":""},"categories":[9],"tags":[],"class_list":["post-1268","post","type-post","status-publish","format-standard","has-post-thumbnail","hentry","category-a-la-une"],"aioseo_notices":[],"_links":{"self":[{"href":"https:\/\/cs-lagarde.fr\/index.php?rest_route=\/wp\/v2\/posts\/1268","targetHints":{"allow":["GET"]}}],"collection":[{"href":"https:\/\/cs-lagarde.fr\/index.php?rest_route=\/wp\/v2\/posts"}],"about":[{"href":"https:\/\/cs-lagarde.fr\/index.php?rest_route=\/wp\/v2\/types\/post"}],"author":[{"embeddable":true,"href":"https:\/\/cs-lagarde.fr\/index.php?rest_route=\/wp\/v2\/users\/1"}],"replies":[{"embeddable":true,"href":"https:\/\/cs-lagarde.fr\/index.php?rest_route=%2Fwp%2Fv2%2Fcomments&post=1268"}],"version-history":[{"count":3,"href":"https:\/\/cs-lagarde.fr\/index.php?rest_route=\/wp\/v2\/posts\/1268\/revisions"}],"predecessor-version":[{"id":1273,"href":"https:\/\/cs-lagarde.fr\/index.php?rest_route=\/wp\/v2\/posts\/1268\/revisions\/1273"}],"wp:featuredmedia":[{"embeddable":true,"href":"https:\/\/cs-lagarde.fr\/index.php?rest_route=\/wp\/v2\/media\/1269"}],"wp:attachment":[{"href":"https:\/\/cs-lagarde.fr\/index.php?rest_route=%2Fwp%2Fv2%2Fmedia&parent=1268"}],"wp:term":[{"taxonomy":"category","embeddable":true,"href":"https:\/\/cs-lagarde.fr\/index.php?rest_route=%2Fwp%2Fv2%2Fcategories&post=1268"},{"taxonomy":"post_tag","embeddable":true,"href":"https:\/\/cs-lagarde.fr\/index.php?rest_route=%2Fwp%2Fv2%2Ftags&post=1268"}],"curies":[{"name":"wp","href":"https:\/\/api.w.org\/{rel}","templated":true}]}}