{"id":1256,"date":"2025-04-15T19:47:02","date_gmt":"2025-04-15T17:47:02","guid":{"rendered":"https:\/\/cs-lagarde.fr\/?p=1256"},"modified":"2025-05-06T21:07:51","modified_gmt":"2025-05-06T19:07:51","slug":"reunion-de-preparation-de-la-fete-du-centre-social","status":"publish","type":"post","link":"https:\/\/cs-lagarde.fr\/?p=1256","title":{"rendered":"R\u00e9union de pr\u00e9paration de la f\u00eate du Centre social"},"content":{"rendered":"\n<div class=\"wp-block-group is-layout-constrained wp-block-group-is-layout-constrained\">\n<p class=\"has-text-align-left\"><span class=\"highlight\">La f\u00eate du Centre social aura lieu le 14 juin 2025<\/span><\/p>\n\n\n\n<p class=\"has-text-align-left\">Si vous souhaitez participer \u00e0 la r\u00e9alisation de ce temps fort<\/p>\n\n\n\n<p class=\"has-text-align-left\">La prochaine r\u00e9union aura lieu le 13 mai \u00e0 17h30 \u00e0 l\u2019espace jeunes <\/p>\n<\/div>\n\n\n\n<p class=\"has-text-align-center o-typing-fast\"><strong><o-anim-typing>ON VOUS ATTEND NOMBREUX&nbsp;!<\/o-anim-typing><\/strong><\/p>\n\n\n\n<figure class=\"wp-block-image size-large is-resized\"><img decoding=\"async\" src=\"https:\/\/cs-lagarde.fr\/wp-content\/uploads\/2025\/05\/Invitation-Reunion-726x1024.png\" alt=\"\" class=\"wp-image-1275\" style=\"aspect-ratio:0.708984375;width:458px;height:auto\"\/><\/figure>\n","protected":false},"excerpt":{"rendered":"<p>La f\u00eate du Centre social aura lieu le 14 juin 2025 Si vous souhaitez participer \u00e0 la r\u00e9alisation de ce temps fort La prochaine r\u00e9union aura lieu le 13 mai \u00e0 17h30 \u00e0 l\u2019espace jeunes ON VOUS ATTEND NOMBREUX&nbsp;!<\/p>\n","protected":false},"author":1,"featured_media":1275,"comment_status":"open","ping_status":"open","sticky":false,"template":"","format":"standard","meta":{"_monsterinsights_skip_tracking":false,"_monsterinsights_sitenote_active":false,"_monsterinsights_sitenote_note":"","_monsterinsights_sitenote_category":0,"_themeisle_gutenberg_block_has_review":false,"footnotes":""},"categories":[9],"tags":[],"class_list":["post-1256","post","type-post","status-publish","format-standard","has-post-thumbnail","hentry","category-a-la-une"],"aioseo_notices":[],"_links":{"self":[{"href":"https:\/\/cs-lagarde.fr\/index.php?rest_route=\/wp\/v2\/posts\/1256","targetHints":{"allow":["GET"]}}],"collection":[{"href":"https:\/\/cs-lagarde.fr\/index.php?rest_route=\/wp\/v2\/posts"}],"about":[{"href":"https:\/\/cs-lagarde.fr\/index.php?rest_route=\/wp\/v2\/types\/post"}],"author":[{"embeddable":true,"href":"https:\/\/cs-lagarde.fr\/index.php?rest_route=\/wp\/v2\/users\/1"}],"replies":[{"embeddable":true,"href":"https:\/\/cs-lagarde.fr\/index.php?rest_route=%2Fwp%2Fv2%2Fcomments&post=1256"}],"version-history":[{"count":7,"href":"https:\/\/cs-lagarde.fr\/index.php?rest_route=\/wp\/v2\/posts\/1256\/revisions"}],"predecessor-version":[{"id":1276,"href":"https:\/\/cs-lagarde.fr\/index.php?rest_route=\/wp\/v2\/posts\/1256\/revisions\/1276"}],"wp:featuredmedia":[{"embeddable":true,"href":"https:\/\/cs-lagarde.fr\/index.php?rest_route=\/wp\/v2\/media\/1275"}],"wp:attachment":[{"href":"https:\/\/cs-lagarde.fr\/index.php?rest_route=%2Fwp%2Fv2%2Fmedia&parent=1256"}],"wp:term":[{"taxonomy":"category","embeddable":true,"href":"https:\/\/cs-lagarde.fr\/index.php?rest_route=%2Fwp%2Fv2%2Fcategories&post=1256"},{"taxonomy":"post_tag","embeddable":true,"href":"https:\/\/cs-lagarde.fr\/index.php?rest_route=%2Fwp%2Fv2%2Ftags&post=1256"}],"curies":[{"name":"wp","href":"https:\/\/api.w.org\/{rel}","templated":true}]}}