{"id":1191,"date":"2025-03-04T17:11:35","date_gmt":"2025-03-04T16:11:35","guid":{"rendered":"https:\/\/cs-lagarde.fr\/?p=1191"},"modified":"2025-03-11T10:21:05","modified_gmt":"2025-03-11T09:21:05","slug":"dimanche-9-mars-maraude-a-lespace-jeunes","status":"publish","type":"post","link":"https:\/\/cs-lagarde.fr\/?p=1191","title":{"rendered":"Dimanche 9 Mars Maraude \u00e0 l&rsquo;Espace Jeunes"},"content":{"rendered":"\n<p>Le collectif Jeunes <strong>I HAVE A DREAM<\/strong> du Centre social et culturel La Garde <\/p>\n\n\n\n<p>organise une maraude ce dimanche 9 mars de 10h \u00e0 14h.<\/p>\n\n\n\n<p>N\u2019h\u00e9sitez pas \u00e0 orienter toute personne dans le besoin.<\/p>\n\n\n\n<p>Aucune information ni identit\u00e9 ne sera demand\u00e9e pour r\u00e9cup\u00e9rer un colis.<\/p>\n\n\n\n<p class=\"o-typing-delay-5s o-typing-slower\"><strong><o-anim-typing>Merci pour votre soutien !<\/o-anim-typing><\/strong><\/p>\n\n\n\n<figure class=\"wp-block-image size-large is-resized\"><img decoding=\"async\" src=\"https:\/\/cs-lagarde.fr\/wp-content\/uploads\/2025\/03\/Maraude-726x1024.jpg\" alt=\"\" class=\"wp-image-1192\" style=\"aspect-ratio:0.708984375;width:549px;height:auto\"\/><\/figure>\n","protected":false},"excerpt":{"rendered":"<p>Le collectif Jeunes I HAVE A DREAM du Centre social et culturel La Garde organise une maraude ce dimanche 9 mars de 10h \u00e0 14h. N\u2019h\u00e9sitez pas \u00e0 orienter toute personne dans le besoin. Aucune information ni identit\u00e9 ne sera demand\u00e9e pour r\u00e9cup\u00e9rer un colis. Merci pour votre soutien !<\/p>\n","protected":false},"author":1,"featured_media":1192,"comment_status":"open","ping_status":"open","sticky":false,"template":"","format":"standard","meta":{"_monsterinsights_skip_tracking":false,"_monsterinsights_sitenote_active":false,"_monsterinsights_sitenote_note":"","_monsterinsights_sitenote_category":0,"_themeisle_gutenberg_block_has_review":false,"footnotes":""},"categories":[9],"tags":[],"class_list":["post-1191","post","type-post","status-publish","format-standard","has-post-thumbnail","hentry","category-a-la-une"],"aioseo_notices":[],"_links":{"self":[{"href":"https:\/\/cs-lagarde.fr\/index.php?rest_route=\/wp\/v2\/posts\/1191","targetHints":{"allow":["GET"]}}],"collection":[{"href":"https:\/\/cs-lagarde.fr\/index.php?rest_route=\/wp\/v2\/posts"}],"about":[{"href":"https:\/\/cs-lagarde.fr\/index.php?rest_route=\/wp\/v2\/types\/post"}],"author":[{"embeddable":true,"href":"https:\/\/cs-lagarde.fr\/index.php?rest_route=\/wp\/v2\/users\/1"}],"replies":[{"embeddable":true,"href":"https:\/\/cs-lagarde.fr\/index.php?rest_route=%2Fwp%2Fv2%2Fcomments&post=1191"}],"version-history":[{"count":4,"href":"https:\/\/cs-lagarde.fr\/index.php?rest_route=\/wp\/v2\/posts\/1191\/revisions"}],"predecessor-version":[{"id":1198,"href":"https:\/\/cs-lagarde.fr\/index.php?rest_route=\/wp\/v2\/posts\/1191\/revisions\/1198"}],"wp:featuredmedia":[{"embeddable":true,"href":"https:\/\/cs-lagarde.fr\/index.php?rest_route=\/wp\/v2\/media\/1192"}],"wp:attachment":[{"href":"https:\/\/cs-lagarde.fr\/index.php?rest_route=%2Fwp%2Fv2%2Fmedia&parent=1191"}],"wp:term":[{"taxonomy":"category","embeddable":true,"href":"https:\/\/cs-lagarde.fr\/index.php?rest_route=%2Fwp%2Fv2%2Fcategories&post=1191"},{"taxonomy":"post_tag","embeddable":true,"href":"https:\/\/cs-lagarde.fr\/index.php?rest_route=%2Fwp%2Fv2%2Ftags&post=1191"}],"curies":[{"name":"wp","href":"https:\/\/api.w.org\/{rel}","templated":true}]}}